{"id":5946,"date":"2025-01-19T19:35:48","date_gmt":"2025-01-19T19:35:48","guid":{"rendered":"https:\/\/visitmalaga.eu\/sin-categorizar\/thinking-of-moving-to-spain-in-2025-heres-what-you-need-to-know\/"},"modified":"2025-01-19T19:46:50","modified_gmt":"2025-01-19T19:46:50","slug":"thinking-of-moving-to-spain-in-2025-heres-what-you-need-to-know","status":"publish","type":"post","link":"https:\/\/visitmalaga.eu\/es\/noticias\/thinking-of-moving-to-spain-in-2025-heres-what-you-need-to-know\/","title":{"rendered":"\u00bfPlaneas mudarte a Espa\u00f1a en 2025? Esto es lo que debes saber"},"content":{"rendered":"\n<blockquote class=\"wp-block-quote is-layout-flow wp-block-quote-is-layout-flow\">\n<p style=\"font-size:23px\">Espa\u00f1a se enfrenta a una crisis de vivienda y responde con medidas contundentes: impuesto del 100% para compradores fuera de la UE, l\u00edmites a los alquileres vacacionales y el fin de los visados dorados. Descubre c\u00f3mo estas pol\u00edticas podr\u00edan cambiar tus planes.<\/p>\n<\/blockquote>\n\n\n\n<figure class=\"wp-block-image size-large\"><img decoding=\"async\" width=\"1024\" height=\"576\" src=\"https:\/\/visitmalaga.eu\/wp-content\/uploads\/2025\/01\/iStock-1291907909-1024x576.jpg\" alt=\"\" class=\"wp-image-5938\" srcset=\"https:\/\/visitmalaga.eu\/wp-content\/uploads\/2025\/01\/iStock-1291907909-1024x576.jpg 1024w, https:\/\/visitmalaga.eu\/wp-content\/uploads\/2025\/01\/iStock-1291907909-300x169.jpg 300w, https:\/\/visitmalaga.eu\/wp-content\/uploads\/2025\/01\/iStock-1291907909-768x432.jpg 768w, https:\/\/visitmalaga.eu\/wp-content\/uploads\/2025\/01\/iStock-1291907909-1536x864.jpg 1536w, https:\/\/visitmalaga.eu\/wp-content\/uploads\/2025\/01\/iStock-1291907909-2048x1152.jpg 2048w\" sizes=\"(max-width: 1024px) 100vw, 1024px\" \/><\/figure>\n\n\n\n<p>Espa\u00f1a est\u00e1 tomando medidas contundentes para abordar la crisis de vivienda que ha afectado al pa\u00eds en los \u00faltimos a\u00f1os. Con el aumento del turismo y la proliferaci\u00f3n de alquileres vacacionales a corto plazo, el gobierno ha introducido pol\u00edticas estrictas para proteger el acceso a la vivienda para los residentes locales.<\/p>\n\n\n\n<h3 class=\"wp-block-heading\">Un impuesto del 100% para compradores fuera de la UE<\/h3>\n\n\n\n<p>El gobierno espa\u00f1ol planea implementar un impuesto del 100% sobre las propiedades compradas por residentes no pertenecientes a la Uni\u00f3n Europea. Seg\u00fan el primer ministro Pedro S\u00e1nchez, esta medida \u201csin precedentes\u201d es esencial para frenar el aumento de los alquileres en ciudades como Barcelona y Madrid, donde las plataformas como Airbnb han dominado el mercado inmobiliario.<\/p>\n\n\n\n<p>En 2023, los compradores no pertenecientes a la UE adquirieron 27,000 propiedades, la mayor\u00eda de ellas no para vivir, sino como inversi\u00f3n. Actualmente, las ventas a extranjeros, incluidos los ciudadanos de la UE, representan aproximadamente el 15% del mercado inmobiliario, seg\u00fan el registro de propiedades de Espa\u00f1a.<\/p>\n\n\n\n<div style=\"height:35px\" aria-hidden=\"true\" class=\"wp-block-spacer\"><\/div>\n\n\n\n<script async src=\"https:\/\/tp.media\/content?currency=eur&#038;trs=31944&#038;shmarker=240010&#038;type=compact&#038;host=search.hotellook.com&#038;locale=es&#038;limit=3&#038;powered_by=false&#038;nobooking=&#038;id=3683&#038;categories=center&#038;primary=%230ca532&#038;special=%23e0e0e0&#038;promo_id=4026&#038;campaign_id=101\" charset=\"utf-8\"><\/script>\n\n\n\n<div style=\"height:35px\" aria-hidden=\"true\" class=\"wp-block-spacer\"><\/div>\n\n\n\n<h3 class=\"wp-block-heading\">\u00bfA qui\u00e9n afecta esta medida?<\/h3>\n\n\n\n<p>El nuevo impuesto no impedir\u00e1 que los ciudadanos fuera de la UE compren propiedades, pero har\u00e1 que sea financieramente poco viable para muchos. Los ciudadanos de la UE est\u00e1n exentos de este impuesto debido a los compromisos de Espa\u00f1a con la Uni\u00f3n Europea. Los propietarios actuales tampoco se ver\u00e1n afectados directamente, aunque el gobierno podr\u00eda aumentar los impuestos sobre las ganancias de capital en el futuro.<\/p>\n\n\n\n<h3 class=\"wp-block-heading\">Regulaciones m\u00e1s estrictas sobre el turismo<\/h3>\n\n\n\n<p>La crisis de vivienda tambi\u00e9n se ha visto agravada por el turismo masivo. En 2024, Espa\u00f1a recibi\u00f3 un r\u00e9cord de 94 millones de turistas internacionales, lo que ha ejercido una enorme presi\u00f3n sobre los recursos locales y la disponibilidad de vivienda.<\/p>\n\n\n\n<p>Barcelona ha liderado la lucha contra los alquileres tur\u00edsticos. En 2014, congel\u00f3 la emisi\u00f3n de nuevas licencias para apartamentos tur\u00edsticos y en 2028 planea eliminarlas por completo. Adem\u00e1s, el gobierno est\u00e1 considerando impuestos m\u00e1s altos para los alquileres vacacionales a corto plazo.<\/p>\n\n\n\n<div style=\"height:35px\" aria-hidden=\"true\" class=\"wp-block-spacer\"><\/div>\n\n\n\n<script async src=\"https:\/\/tp.media\/content?currency=eur&#038;trs=31944&#038;shmarker=240010&#038;type=compact&#038;host=search.hotellook.com&#038;locale=es&#038;limit=10&#038;powered_by=false&#038;nobooking=&#038;id=3196&#038;categories=center&#038;primary=%230ca532&#038;special=%23e0e0e0&#038;promo_id=4026&#038;campaign_id=101\" charset=\"utf-8\"><\/script>\n\n\n\n<div style=\"height:35px\" aria-hidden=\"true\" class=\"wp-block-spacer\"><\/div>\n\n\n\n<h3 class=\"wp-block-heading\">Protestas contra el turismo masivo<\/h3>\n\n\n\n<p>El aumento de los alquileres y la falta de acceso a la vivienda han provocado descontento entre los residentes locales. En julio de 2024, unas 3,000 personas se manifestaron en las calles de Barcelona con pancartas que dec\u00edan \u201cturistas, idos a casa\u201d, y algunas incluso rociaron con agua a los visitantes. Protestas similares se han llevado a cabo en las Islas Baleares y Canarias.<\/p>\n\n\n\n<h3 class=\"wp-block-heading\">Fin del programa de \u201cvisados dorados\u201d<\/h3>\n\n\n\n<p>En un esfuerzo adicional por controlar los precios de las propiedades, Espa\u00f1a anunci\u00f3 a principios de 2024 que eliminar\u00e1 su programa de \u201cvisados dorados\u201d para abril. Este programa permit\u00eda a los extranjeros obtener residencia invirtiendo 500,000 euros en bienes ra\u00edces, lo que tambi\u00e9n ofrec\u00eda la ventaja de viajar sin visa dentro del Espacio Schengen.<\/p>\n\n\n\n<p>Si bien el programa fue atractivo para los inversionistas, tambi\u00e9n contribuy\u00f3 al aumento de los precios en ciudades como Barcelona, haciendo que la vivienda sea inasequible para muchos residentes locales.<\/p>\n\n\n\n<h3 class=\"wp-block-heading\">\u00bfQu\u00e9 sigue para el mercado inmobiliario en Espa\u00f1a?<\/h3>\n\n\n\n<p>Con estas reformas, Espa\u00f1a busca equilibrar las necesidades de su poblaci\u00f3n frente a los efectos del turismo y la inversi\u00f3n extranjera. Para quienes planean mudarse o invertir en el pa\u00eds, estas nuevas medidas marcar\u00e1n una diferencia significativa en la forma en que opera el mercado inmobiliario.<\/p>\n\n\n\n<p>El impacto total de estas pol\u00edticas solo se ver\u00e1 con el tiempo, pero est\u00e1 claro que Espa\u00f1a est\u00e1 priorizando a sus residentes locales en su lucha por viviendas m\u00e1s accesibles.<\/p>\n","protected":false},"excerpt":{"rendered":"<p>Espa\u00f1a se enfrenta a una crisis de vivienda y responde con medidas contundentes: impuesto del 100% para compradores fuera de la UE, l\u00edmites a los alquileres vacacionales<\/p>\n","protected":false},"author":1,"featured_media":5940,"comment_status":"open","ping_status":"closed","sticky":false,"template":"","format":"standard","meta":{"_monsterinsights_skip_tracking":false,"_monsterinsights_sitenote_active":false,"_monsterinsights_sitenote_note":"","_monsterinsights_sitenote_category":0,"_jetpack_memberships_contains_paid_content":false,"footnotes":""},"categories":[336],"tags":[351,352,353],"class_list":["post-5946","post","type-post","status-publish","format-standard","has-post-thumbnail","hentry","category-noticias","tag-airbnb-es","tag-rentals-es","tag-spain-es"],"aioseo_notices":[],"yoast_head":"<!-- This site is optimized with the Yoast SEO plugin v26.5 - https:\/\/yoast.com\/wordpress\/plugins\/seo\/ -->\n<title>\u00bfPlaneas mudarte a Espa\u00f1a en 2025? Esto es lo que debes saber - VisitMalaga.eu<\/title>\n<meta name=\"robots\" content=\"index, follow, max-snippet:-1, max-image-preview:large, max-video-preview:-1\" \/>\n<link rel=\"canonical\" href=\"https:\/\/visitmalaga.eu\/es\/noticias\/thinking-of-moving-to-spain-in-2025-heres-what-you-need-to-know\/\" \/>\n<meta property=\"og:locale\" content=\"es_ES\" \/>\n<meta property=\"og:type\" content=\"article\" \/>\n<meta property=\"og:title\" content=\"\u00bfPlaneas mudarte a Espa\u00f1a en 2025? Esto es lo que debes saber - VisitMalaga.eu\" \/>\n<meta property=\"og:description\" content=\"Espa\u00f1a se enfrenta a una crisis de vivienda y responde con medidas contundentes: impuesto del 100% para compradores fuera de la UE, l\u00edmites a los alquileres vacacionales\" \/>\n<meta property=\"og:url\" content=\"https:\/\/visitmalaga.eu\/es\/noticias\/thinking-of-moving-to-spain-in-2025-heres-what-you-need-to-know\/\" \/>\n<meta property=\"og:site_name\" content=\"VisitMalaga.eu\" \/>\n<meta property=\"article:published_time\" content=\"2025-01-19T19:35:48+00:00\" \/>\n<meta property=\"article:modified_time\" content=\"2025-01-19T19:46:50+00:00\" \/>\n<meta property=\"og:image\" content=\"https:\/\/visitmalaga.eu\/wp-content\/uploads\/2025\/01\/iStock-1291907909-scaled.jpg\" \/>\n\t<meta property=\"og:image:width\" content=\"2560\" \/>\n\t<meta property=\"og:image:height\" content=\"1440\" \/>\n\t<meta property=\"og:image:type\" content=\"image\/jpeg\" \/>\n<meta name=\"author\" content=\"admin\" \/>\n<meta name=\"twitter:card\" content=\"summary_large_image\" \/>\n<meta name=\"twitter:label1\" content=\"Escrito por\" \/>\n\t<meta name=\"twitter:data1\" content=\"admin\" \/>\n\t<meta name=\"twitter:label2\" content=\"Tiempo de lectura\" \/>\n\t<meta name=\"twitter:data2\" content=\"3 minutos\" \/>\n<script type=\"application\/ld+json\" class=\"yoast-schema-graph\">{\"@context\":\"https:\/\/schema.org\",\"@graph\":[{\"@type\":\"Article\",\"@id\":\"https:\/\/visitmalaga.eu\/es\/noticias\/thinking-of-moving-to-spain-in-2025-heres-what-you-need-to-know\/#article\",\"isPartOf\":{\"@id\":\"https:\/\/visitmalaga.eu\/es\/noticias\/thinking-of-moving-to-spain-in-2025-heres-what-you-need-to-know\/\"},\"author\":{\"name\":\"admin\",\"@id\":\"https:\/\/visitmalaga.eu\/es\/#\/schema\/person\/4fbc88f5727a5cf6a78c4ebbefb60c78\"},\"headline\":\"\u00bfPlaneas mudarte a Espa\u00f1a en 2025? Esto es lo que debes saber\",\"datePublished\":\"2025-01-19T19:35:48+00:00\",\"dateModified\":\"2025-01-19T19:46:50+00:00\",\"mainEntityOfPage\":{\"@id\":\"https:\/\/visitmalaga.eu\/es\/noticias\/thinking-of-moving-to-spain-in-2025-heres-what-you-need-to-know\/\"},\"wordCount\":657,\"commentCount\":0,\"publisher\":{\"@id\":\"https:\/\/visitmalaga.eu\/es\/#organization\"},\"image\":{\"@id\":\"https:\/\/visitmalaga.eu\/es\/noticias\/thinking-of-moving-to-spain-in-2025-heres-what-you-need-to-know\/#primaryimage\"},\"thumbnailUrl\":\"https:\/\/visitmalaga.eu\/wp-content\/uploads\/2025\/01\/iStock-1291907909-scaled.jpg\",\"keywords\":[\"Airbnb\",\"rentals\",\"Spain\"],\"articleSection\":[\"Noticias\"],\"inLanguage\":\"es\",\"potentialAction\":[{\"@type\":\"CommentAction\",\"name\":\"Comment\",\"target\":[\"https:\/\/visitmalaga.eu\/es\/noticias\/thinking-of-moving-to-spain-in-2025-heres-what-you-need-to-know\/#respond\"]}]},{\"@type\":\"WebPage\",\"@id\":\"https:\/\/visitmalaga.eu\/es\/noticias\/thinking-of-moving-to-spain-in-2025-heres-what-you-need-to-know\/\",\"url\":\"https:\/\/visitmalaga.eu\/es\/noticias\/thinking-of-moving-to-spain-in-2025-heres-what-you-need-to-know\/\",\"name\":\"\u00bfPlaneas mudarte a Espa\u00f1a en 2025? Esto es lo que debes saber - VisitMalaga.eu\",\"isPartOf\":{\"@id\":\"https:\/\/visitmalaga.eu\/es\/#website\"},\"primaryImageOfPage\":{\"@id\":\"https:\/\/visitmalaga.eu\/es\/noticias\/thinking-of-moving-to-spain-in-2025-heres-what-you-need-to-know\/#primaryimage\"},\"image\":{\"@id\":\"https:\/\/visitmalaga.eu\/es\/noticias\/thinking-of-moving-to-spain-in-2025-heres-what-you-need-to-know\/#primaryimage\"},\"thumbnailUrl\":\"https:\/\/visitmalaga.eu\/wp-content\/uploads\/2025\/01\/iStock-1291907909-scaled.jpg\",\"datePublished\":\"2025-01-19T19:35:48+00:00\",\"dateModified\":\"2025-01-19T19:46:50+00:00\",\"breadcrumb\":{\"@id\":\"https:\/\/visitmalaga.eu\/es\/noticias\/thinking-of-moving-to-spain-in-2025-heres-what-you-need-to-know\/#breadcrumb\"},\"inLanguage\":\"es\",\"potentialAction\":[{\"@type\":\"ReadAction\",\"target\":[\"https:\/\/visitmalaga.eu\/es\/noticias\/thinking-of-moving-to-spain-in-2025-heres-what-you-need-to-know\/\"]}]},{\"@type\":\"ImageObject\",\"inLanguage\":\"es\",\"@id\":\"https:\/\/visitmalaga.eu\/es\/noticias\/thinking-of-moving-to-spain-in-2025-heres-what-you-need-to-know\/#primaryimage\",\"url\":\"https:\/\/visitmalaga.eu\/wp-content\/uploads\/2025\/01\/iStock-1291907909-scaled.jpg\",\"contentUrl\":\"https:\/\/visitmalaga.eu\/wp-content\/uploads\/2025\/01\/iStock-1291907909-scaled.jpg\",\"width\":2560,\"height\":1440,\"caption\":\"3D rendering of a Mediterranean style villa with pool and garden\"},{\"@type\":\"BreadcrumbList\",\"@id\":\"https:\/\/visitmalaga.eu\/es\/noticias\/thinking-of-moving-to-spain-in-2025-heres-what-you-need-to-know\/#breadcrumb\",\"itemListElement\":[{\"@type\":\"ListItem\",\"position\":1,\"name\":\"Home\",\"item\":\"https:\/\/visitmalaga.eu\/es\/\"},{\"@type\":\"ListItem\",\"position\":2,\"name\":\"\u00bfPlaneas mudarte a Espa\u00f1a en 2025? Esto es lo que debes saber\"}]},{\"@type\":\"WebSite\",\"@id\":\"https:\/\/visitmalaga.eu\/es\/#website\",\"url\":\"https:\/\/visitmalaga.eu\/es\/\",\"name\":\"VisitMalaga.eu\",\"description\":\"M\u00e1laga\",\"publisher\":{\"@id\":\"https:\/\/visitmalaga.eu\/es\/#organization\"},\"potentialAction\":[{\"@type\":\"SearchAction\",\"target\":{\"@type\":\"EntryPoint\",\"urlTemplate\":\"https:\/\/visitmalaga.eu\/es\/?s={search_term_string}\"},\"query-input\":{\"@type\":\"PropertyValueSpecification\",\"valueRequired\":true,\"valueName\":\"search_term_string\"}}],\"inLanguage\":\"es\"},{\"@type\":\"Organization\",\"@id\":\"https:\/\/visitmalaga.eu\/es\/#organization\",\"name\":\"VisitMalaga.eu\",\"url\":\"https:\/\/visitmalaga.eu\/es\/\",\"logo\":{\"@type\":\"ImageObject\",\"inLanguage\":\"es\",\"@id\":\"https:\/\/visitmalaga.eu\/es\/#\/schema\/logo\/image\/\",\"url\":\"https:\/\/visitmalaga.eu\/wp-content\/uploads\/2022\/08\/cropped-visitMalaga_white.png\",\"contentUrl\":\"https:\/\/visitmalaga.eu\/wp-content\/uploads\/2022\/08\/cropped-visitMalaga_white.png\",\"width\":500,\"height\":152,\"caption\":\"VisitMalaga.eu\"},\"image\":{\"@id\":\"https:\/\/visitmalaga.eu\/es\/#\/schema\/logo\/image\/\"}},{\"@type\":\"Person\",\"@id\":\"https:\/\/visitmalaga.eu\/es\/#\/schema\/person\/4fbc88f5727a5cf6a78c4ebbefb60c78\",\"name\":\"admin\",\"image\":{\"@type\":\"ImageObject\",\"inLanguage\":\"es\",\"@id\":\"https:\/\/visitmalaga.eu\/es\/#\/schema\/person\/image\/\",\"url\":\"https:\/\/secure.gravatar.com\/avatar\/14475e6e61b07f990e592fa76c8b3372?s=96&d=mm&r=g\",\"contentUrl\":\"https:\/\/secure.gravatar.com\/avatar\/14475e6e61b07f990e592fa76c8b3372?s=96&d=mm&r=g\",\"caption\":\"admin\"},\"sameAs\":[\"https:\/\/visitmalaga.eu\"],\"url\":\"https:\/\/visitmalaga.eu\/es\/author\/admin\/\"}]}<\/script>\n<!-- \/ Yoast SEO plugin. -->","yoast_head_json":{"title":"\u00bfPlaneas mudarte a Espa\u00f1a en 2025? Esto es lo que debes saber - VisitMalaga.eu","robots":{"index":"index","follow":"follow","max-snippet":"max-snippet:-1","max-image-preview":"max-image-preview:large","max-video-preview":"max-video-preview:-1"},"canonical":"https:\/\/visitmalaga.eu\/es\/noticias\/thinking-of-moving-to-spain-in-2025-heres-what-you-need-to-know\/","og_locale":"es_ES","og_type":"article","og_title":"\u00bfPlaneas mudarte a Espa\u00f1a en 2025? Esto es lo que debes saber - VisitMalaga.eu","og_description":"Espa\u00f1a se enfrenta a una crisis de vivienda y responde con medidas contundentes: impuesto del 100% para compradores fuera de la UE, l\u00edmites a los alquileres vacacionales","og_url":"https:\/\/visitmalaga.eu\/es\/noticias\/thinking-of-moving-to-spain-in-2025-heres-what-you-need-to-know\/","og_site_name":"VisitMalaga.eu","article_published_time":"2025-01-19T19:35:48+00:00","article_modified_time":"2025-01-19T19:46:50+00:00","og_image":[{"width":2560,"height":1440,"url":"https:\/\/visitmalaga.eu\/wp-content\/uploads\/2025\/01\/iStock-1291907909-scaled.jpg","type":"image\/jpeg"}],"author":"admin","twitter_card":"summary_large_image","twitter_misc":{"Escrito por":"admin","Tiempo de lectura":"3 minutos"},"schema":{"@context":"https:\/\/schema.org","@graph":[{"@type":"Article","@id":"https:\/\/visitmalaga.eu\/es\/noticias\/thinking-of-moving-to-spain-in-2025-heres-what-you-need-to-know\/#article","isPartOf":{"@id":"https:\/\/visitmalaga.eu\/es\/noticias\/thinking-of-moving-to-spain-in-2025-heres-what-you-need-to-know\/"},"author":{"name":"admin","@id":"https:\/\/visitmalaga.eu\/es\/#\/schema\/person\/4fbc88f5727a5cf6a78c4ebbefb60c78"},"headline":"\u00bfPlaneas mudarte a Espa\u00f1a en 2025? Esto es lo que debes saber","datePublished":"2025-01-19T19:35:48+00:00","dateModified":"2025-01-19T19:46:50+00:00","mainEntityOfPage":{"@id":"https:\/\/visitmalaga.eu\/es\/noticias\/thinking-of-moving-to-spain-in-2025-heres-what-you-need-to-know\/"},"wordCount":657,"commentCount":0,"publisher":{"@id":"https:\/\/visitmalaga.eu\/es\/#organization"},"image":{"@id":"https:\/\/visitmalaga.eu\/es\/noticias\/thinking-of-moving-to-spain-in-2025-heres-what-you-need-to-know\/#primaryimage"},"thumbnailUrl":"https:\/\/visitmalaga.eu\/wp-content\/uploads\/2025\/01\/iStock-1291907909-scaled.jpg","keywords":["Airbnb","rentals","Spain"],"articleSection":["Noticias"],"inLanguage":"es","potentialAction":[{"@type":"CommentAction","name":"Comment","target":["https:\/\/visitmalaga.eu\/es\/noticias\/thinking-of-moving-to-spain-in-2025-heres-what-you-need-to-know\/#respond"]}]},{"@type":"WebPage","@id":"https:\/\/visitmalaga.eu\/es\/noticias\/thinking-of-moving-to-spain-in-2025-heres-what-you-need-to-know\/","url":"https:\/\/visitmalaga.eu\/es\/noticias\/thinking-of-moving-to-spain-in-2025-heres-what-you-need-to-know\/","name":"\u00bfPlaneas mudarte a Espa\u00f1a en 2025? Esto es lo que debes saber - VisitMalaga.eu","isPartOf":{"@id":"https:\/\/visitmalaga.eu\/es\/#website"},"primaryImageOfPage":{"@id":"https:\/\/visitmalaga.eu\/es\/noticias\/thinking-of-moving-to-spain-in-2025-heres-what-you-need-to-know\/#primaryimage"},"image":{"@id":"https:\/\/visitmalaga.eu\/es\/noticias\/thinking-of-moving-to-spain-in-2025-heres-what-you-need-to-know\/#primaryimage"},"thumbnailUrl":"https:\/\/visitmalaga.eu\/wp-content\/uploads\/2025\/01\/iStock-1291907909-scaled.jpg","datePublished":"2025-01-19T19:35:48+00:00","dateModified":"2025-01-19T19:46:50+00:00","breadcrumb":{"@id":"https:\/\/visitmalaga.eu\/es\/noticias\/thinking-of-moving-to-spain-in-2025-heres-what-you-need-to-know\/#breadcrumb"},"inLanguage":"es","potentialAction":[{"@type":"ReadAction","target":["https:\/\/visitmalaga.eu\/es\/noticias\/thinking-of-moving-to-spain-in-2025-heres-what-you-need-to-know\/"]}]},{"@type":"ImageObject","inLanguage":"es","@id":"https:\/\/visitmalaga.eu\/es\/noticias\/thinking-of-moving-to-spain-in-2025-heres-what-you-need-to-know\/#primaryimage","url":"https:\/\/visitmalaga.eu\/wp-content\/uploads\/2025\/01\/iStock-1291907909-scaled.jpg","contentUrl":"https:\/\/visitmalaga.eu\/wp-content\/uploads\/2025\/01\/iStock-1291907909-scaled.jpg","width":2560,"height":1440,"caption":"3D rendering of a Mediterranean style villa with pool and garden"},{"@type":"BreadcrumbList","@id":"https:\/\/visitmalaga.eu\/es\/noticias\/thinking-of-moving-to-spain-in-2025-heres-what-you-need-to-know\/#breadcrumb","itemListElement":[{"@type":"ListItem","position":1,"name":"Home","item":"https:\/\/visitmalaga.eu\/es\/"},{"@type":"ListItem","position":2,"name":"\u00bfPlaneas mudarte a Espa\u00f1a en 2025? Esto es lo que debes saber"}]},{"@type":"WebSite","@id":"https:\/\/visitmalaga.eu\/es\/#website","url":"https:\/\/visitmalaga.eu\/es\/","name":"VisitMalaga.eu","description":"M\u00e1laga","publisher":{"@id":"https:\/\/visitmalaga.eu\/es\/#organization"},"potentialAction":[{"@type":"SearchAction","target":{"@type":"EntryPoint","urlTemplate":"https:\/\/visitmalaga.eu\/es\/?s={search_term_string}"},"query-input":{"@type":"PropertyValueSpecification","valueRequired":true,"valueName":"search_term_string"}}],"inLanguage":"es"},{"@type":"Organization","@id":"https:\/\/visitmalaga.eu\/es\/#organization","name":"VisitMalaga.eu","url":"https:\/\/visitmalaga.eu\/es\/","logo":{"@type":"ImageObject","inLanguage":"es","@id":"https:\/\/visitmalaga.eu\/es\/#\/schema\/logo\/image\/","url":"https:\/\/visitmalaga.eu\/wp-content\/uploads\/2022\/08\/cropped-visitMalaga_white.png","contentUrl":"https:\/\/visitmalaga.eu\/wp-content\/uploads\/2022\/08\/cropped-visitMalaga_white.png","width":500,"height":152,"caption":"VisitMalaga.eu"},"image":{"@id":"https:\/\/visitmalaga.eu\/es\/#\/schema\/logo\/image\/"}},{"@type":"Person","@id":"https:\/\/visitmalaga.eu\/es\/#\/schema\/person\/4fbc88f5727a5cf6a78c4ebbefb60c78","name":"admin","image":{"@type":"ImageObject","inLanguage":"es","@id":"https:\/\/visitmalaga.eu\/es\/#\/schema\/person\/image\/","url":"https:\/\/secure.gravatar.com\/avatar\/14475e6e61b07f990e592fa76c8b3372?s=96&d=mm&r=g","contentUrl":"https:\/\/secure.gravatar.com\/avatar\/14475e6e61b07f990e592fa76c8b3372?s=96&d=mm&r=g","caption":"admin"},"sameAs":["https:\/\/visitmalaga.eu"],"url":"https:\/\/visitmalaga.eu\/es\/author\/admin\/"}]}},"jetpack_featured_media_url":"https:\/\/visitmalaga.eu\/wp-content\/uploads\/2025\/01\/iStock-1291907909-scaled.jpg","jetpack_sharing_enabled":true,"_links":{"self":[{"href":"https:\/\/visitmalaga.eu\/es\/wp-json\/wp\/v2\/posts\/5946","targetHints":{"allow":["GET"]}}],"collection":[{"href":"https:\/\/visitmalaga.eu\/es\/wp-json\/wp\/v2\/posts"}],"about":[{"href":"https:\/\/visitmalaga.eu\/es\/wp-json\/wp\/v2\/types\/post"}],"author":[{"embeddable":true,"href":"https:\/\/visitmalaga.eu\/es\/wp-json\/wp\/v2\/users\/1"}],"replies":[{"embeddable":true,"href":"https:\/\/visitmalaga.eu\/es\/wp-json\/wp\/v2\/comments?post=5946"}],"version-history":[{"count":2,"href":"https:\/\/visitmalaga.eu\/es\/wp-json\/wp\/v2\/posts\/5946\/revisions"}],"predecessor-version":[{"id":5949,"href":"https:\/\/visitmalaga.eu\/es\/wp-json\/wp\/v2\/posts\/5946\/revisions\/5949"}],"wp:featuredmedia":[{"embeddable":true,"href":"https:\/\/visitmalaga.eu\/es\/wp-json\/wp\/v2\/media\/5940"}],"wp:attachment":[{"href":"https:\/\/visitmalaga.eu\/es\/wp-json\/wp\/v2\/media?parent=5946"}],"wp:term":[{"taxonomy":"category","embeddable":true,"href":"https:\/\/visitmalaga.eu\/es\/wp-json\/wp\/v2\/categories?post=5946"},{"taxonomy":"post_tag","embeddable":true,"href":"https:\/\/visitmalaga.eu\/es\/wp-json\/wp\/v2\/tags?post=5946"}],"curies":[{"name":"wp","href":"https:\/\/api.w.org\/{rel}","templated":true}]}}